{"id":14967,"date":"2025-11-24T13:53:31","date_gmt":"2025-11-24T13:53:31","guid":{"rendered":"https:\/\/www.giaspa.it\/2025\/11\/24\/an-unforgettable-emotion-celebrating-45-years-of-gia-srl-with-confindustria-emilia-area-centro\/"},"modified":"2025-11-24T14:08:32","modified_gmt":"2025-11-24T14:08:32","slug":"ein-einzigartiges-gefuehl-die-45-jahre-von-gia-srl-mit-confindustria-emilia-area-centro-zu-feiern","status":"publish","type":"post","link":"https:\/\/www.giaspa.it\/de\/2025\/11\/24\/ein-einzigartiges-gefuehl-die-45-jahre-von-gia-srl-mit-confindustria-emilia-area-centro-zu-feiern\/","title":{"rendered":"Ein einzigartiges Gef\u00fchl, die 45 Jahre von GIA srl mit Confindustria Emilia Area Centro zu feiern"},"content":{"rendered":"<p>Ein unvergesslicher Abend, der uns daran erinnert hat, wie reich unser Weg an Leidenschaft, Innovation und Verbundenheit mit unserer Region war. Im Teatro Duse in Bologna hatten wir die Ehre, an Codice Emilia teilzunehmen \u2013 der von Confindustria Emilia organisierten Veranstaltung, die die unternehmerische Exzellenz unseres Territoriums w\u00fcrdigt. Eine besondere Gelegenheit, Werte, Vision und Talent gemeinsam mit vielen herausragenden Unternehmen zu teilen. Die Feier des 45-j\u00e4hrigen Jubil\u00e4ums von GIA srl in diesem Rahmen war bewegend: eine Anerkennung, die uns mit Stolz erf\u00fcllt und uns antreibt, mit noch mehr Energie in die Zukunft zu blicken. Ein herzliches Dankesch\u00f6n an alle, die diesen Abend m\u00f6glich gemacht haben, sowie an unsere Mitarbeiter und Partner, die jeden Tag dazu beitragen, unsere Geschichte zu schreiben.<br \/>\n<strong>Dieser Meilenstein ist kein Endpunkt, sondern ein neuer Anfang: bereit, zu innovieren und den Wert von Made in Italy noch st\u00e4rker hervorzuheben.<\/strong><\/p>\n","protected":false},"excerpt":{"rendered":"<p>Ein unvergesslicher Abend, der uns daran erinnert hat, wie reich unser Weg an Leidenschaft, Innovation und Verbundenheit mit unserer Region war. Im Teatro Duse in Bologna hatten wir die Ehre, an Codice Emilia teilzunehmen \u2013 der von Confindustria Emilia organisierten Veranstaltung, die die unternehmerische Exzellenz&#8230;<\/p>\n","protected":false},"author":1,"featured_media":14959,"comment_status":"open","ping_status":"closed","sticky":false,"template":"","format":"standard","meta":{"footnotes":""},"categories":[438],"tags":[],"class_list":["post-14967","post","type-post","status-publish","format-standard","has-post-thumbnail","hentry","category-news-de"],"yoast_head":"<!-- This site is optimized with the Yoast SEO plugin v22.6 - https:\/\/yoast.com\/wordpress\/plugins\/seo\/ -->\n<title>Ein einzigartiges Gef\u00fchl, die 45 Jahre von GIA srl mit Confindustria Emilia Area Centro zu feiern - GIA - DIE FRISCHE UND DAS AROMA DER PRODUKTE DER NATUR IN TUBEN<\/title>\n<meta name=\"robots\" content=\"noindex, follow\" \/>\n<meta property=\"og:locale\" content=\"de_DE\" \/>\n<meta property=\"og:type\" content=\"article\" \/>\n<meta property=\"og:title\" content=\"Ein einzigartiges Gef\u00fchl, die 45 Jahre von GIA srl mit Confindustria Emilia Area Centro zu feiern - GIA - DIE FRISCHE UND DAS AROMA DER PRODUKTE DER NATUR IN TUBEN\" \/>\n<meta property=\"og:description\" content=\"Ein unvergesslicher Abend, der uns daran erinnert hat, wie reich unser Weg an Leidenschaft, Innovation und Verbundenheit mit unserer Region war. Im Teatro Duse in Bologna hatten wir die Ehre, an Codice Emilia teilzunehmen \u2013 der von Confindustria Emilia organisierten Veranstaltung, die die unternehmerische Exzellenz...\" \/>\n<meta property=\"og:url\" content=\"https:\/\/www.giaspa.it\/de\/2025\/11\/24\/ein-einzigartiges-gefuehl-die-45-jahre-von-gia-srl-mit-confindustria-emilia-area-centro-zu-feiern\/\" \/>\n<meta property=\"og:site_name\" content=\"GIA - DIE FRISCHE UND DAS AROMA DER PRODUKTE DER NATUR IN TUBEN\" \/>\n<meta property=\"article:published_time\" content=\"2025-11-24T13:53:31+00:00\" \/>\n<meta property=\"article:modified_time\" content=\"2025-11-24T14:08:32+00:00\" \/>\n<meta property=\"og:image\" content=\"http:\/\/www.giaspa.it\/wp-content\/uploads\/2025\/11\/FOTO-DI-GRUPPO-ANNIVERSARI-2025.jpg\" \/>\n\t<meta property=\"og:image:width\" content=\"894\" \/>\n\t<meta property=\"og:image:height\" content=\"471\" \/>\n\t<meta property=\"og:image:type\" content=\"image\/jpeg\" \/>\n<meta name=\"author\" content=\"antonio\" \/>\n<meta name=\"twitter:card\" content=\"summary_large_image\" \/>\n<meta name=\"twitter:label1\" content=\"Verfasst von\" \/>\n\t<meta name=\"twitter:data1\" content=\"antonio\" \/>\n\t<meta name=\"twitter:label2\" content=\"Gesch\u00e4tzte Lesezeit\" \/>\n\t<meta name=\"twitter:data2\" content=\"1\u00a0Minute\" \/>\n<script type=\"application\/ld+json\" class=\"yoast-schema-graph\">{\"@context\":\"https:\/\/schema.org\",\"@graph\":[{\"@type\":\"Article\",\"@id\":\"https:\/\/www.giaspa.it\/de\/2025\/11\/24\/ein-einzigartiges-gefuehl-die-45-jahre-von-gia-srl-mit-confindustria-emilia-area-centro-zu-feiern\/#article\",\"isPartOf\":{\"@id\":\"https:\/\/www.giaspa.it\/de\/2025\/11\/24\/ein-einzigartiges-gefuehl-die-45-jahre-von-gia-srl-mit-confindustria-emilia-area-centro-zu-feiern\/\"},\"author\":{\"name\":\"antonio\",\"@id\":\"https:\/\/www.giaspa.it\/de\/#\/schema\/person\/0a89cfd5f4fc3985f63d8340a44b0ba3\"},\"headline\":\"Ein einzigartiges Gef\u00fchl, die 45 Jahre von GIA srl mit Confindustria Emilia Area Centro zu feiern\",\"datePublished\":\"2025-11-24T13:53:31+00:00\",\"dateModified\":\"2025-11-24T14:08:32+00:00\",\"mainEntityOfPage\":{\"@id\":\"https:\/\/www.giaspa.it\/de\/2025\/11\/24\/ein-einzigartiges-gefuehl-die-45-jahre-von-gia-srl-mit-confindustria-emilia-area-centro-zu-feiern\/\"},\"wordCount\":164,\"commentCount\":0,\"publisher\":{\"@id\":\"https:\/\/www.giaspa.it\/de\/#organization\"},\"image\":{\"@id\":\"https:\/\/www.giaspa.it\/de\/2025\/11\/24\/ein-einzigartiges-gefuehl-die-45-jahre-von-gia-srl-mit-confindustria-emilia-area-centro-zu-feiern\/#primaryimage\"},\"thumbnailUrl\":\"https:\/\/www.giaspa.it\/wp-content\/uploads\/2025\/11\/FOTO-DI-GRUPPO-ANNIVERSARI-2025.jpg\",\"articleSection\":[\"News\"],\"inLanguage\":\"de\",\"potentialAction\":[{\"@type\":\"CommentAction\",\"name\":\"Comment\",\"target\":[\"https:\/\/www.giaspa.it\/de\/2025\/11\/24\/ein-einzigartiges-gefuehl-die-45-jahre-von-gia-srl-mit-confindustria-emilia-area-centro-zu-feiern\/#respond\"]}]},{\"@type\":\"WebPage\",\"@id\":\"https:\/\/www.giaspa.it\/de\/2025\/11\/24\/ein-einzigartiges-gefuehl-die-45-jahre-von-gia-srl-mit-confindustria-emilia-area-centro-zu-feiern\/\",\"url\":\"https:\/\/www.giaspa.it\/de\/2025\/11\/24\/ein-einzigartiges-gefuehl-die-45-jahre-von-gia-srl-mit-confindustria-emilia-area-centro-zu-feiern\/\",\"name\":\"Ein einzigartiges Gef\u00fchl, die 45 Jahre von GIA srl mit Confindustria Emilia Area Centro zu feiern - GIA - DIE FRISCHE UND DAS AROMA DER PRODUKTE DER NATUR IN TUBEN\",\"isPartOf\":{\"@id\":\"https:\/\/www.giaspa.it\/de\/#website\"},\"primaryImageOfPage\":{\"@id\":\"https:\/\/www.giaspa.it\/de\/2025\/11\/24\/ein-einzigartiges-gefuehl-die-45-jahre-von-gia-srl-mit-confindustria-emilia-area-centro-zu-feiern\/#primaryimage\"},\"image\":{\"@id\":\"https:\/\/www.giaspa.it\/de\/2025\/11\/24\/ein-einzigartiges-gefuehl-die-45-jahre-von-gia-srl-mit-confindustria-emilia-area-centro-zu-feiern\/#primaryimage\"},\"thumbnailUrl\":\"https:\/\/www.giaspa.it\/wp-content\/uploads\/2025\/11\/FOTO-DI-GRUPPO-ANNIVERSARI-2025.jpg\",\"datePublished\":\"2025-11-24T13:53:31+00:00\",\"dateModified\":\"2025-11-24T14:08:32+00:00\",\"breadcrumb\":{\"@id\":\"https:\/\/www.giaspa.it\/de\/2025\/11\/24\/ein-einzigartiges-gefuehl-die-45-jahre-von-gia-srl-mit-confindustria-emilia-area-centro-zu-feiern\/#breadcrumb\"},\"inLanguage\":\"de\",\"potentialAction\":[{\"@type\":\"ReadAction\",\"target\":[\"https:\/\/www.giaspa.it\/de\/2025\/11\/24\/ein-einzigartiges-gefuehl-die-45-jahre-von-gia-srl-mit-confindustria-emilia-area-centro-zu-feiern\/\"]}]},{\"@type\":\"ImageObject\",\"inLanguage\":\"de\",\"@id\":\"https:\/\/www.giaspa.it\/de\/2025\/11\/24\/ein-einzigartiges-gefuehl-die-45-jahre-von-gia-srl-mit-confindustria-emilia-area-centro-zu-feiern\/#primaryimage\",\"url\":\"https:\/\/www.giaspa.it\/wp-content\/uploads\/2025\/11\/FOTO-DI-GRUPPO-ANNIVERSARI-2025.jpg\",\"contentUrl\":\"https:\/\/www.giaspa.it\/wp-content\/uploads\/2025\/11\/FOTO-DI-GRUPPO-ANNIVERSARI-2025.jpg\",\"width\":894,\"height\":471},{\"@type\":\"BreadcrumbList\",\"@id\":\"https:\/\/www.giaspa.it\/de\/2025\/11\/24\/ein-einzigartiges-gefuehl-die-45-jahre-von-gia-srl-mit-confindustria-emilia-area-centro-zu-feiern\/#breadcrumb\",\"itemListElement\":[{\"@type\":\"ListItem\",\"position\":1,\"name\":\"Home\",\"item\":\"https:\/\/www.giaspa.it\/de\/\"},{\"@type\":\"ListItem\",\"position\":2,\"name\":\"Ein einzigartiges Gef\u00fchl, die 45 Jahre von GIA srl mit Confindustria Emilia Area Centro zu feiern\"}]},{\"@type\":\"WebSite\",\"@id\":\"https:\/\/www.giaspa.it\/de\/#website\",\"url\":\"https:\/\/www.giaspa.it\/de\/\",\"name\":\"GIA - Condimenti pronti nel tubetto\",\"description\":\"www.giaspa.it\",\"publisher\":{\"@id\":\"https:\/\/www.giaspa.it\/de\/#organization\"},\"potentialAction\":[{\"@type\":\"SearchAction\",\"target\":{\"@type\":\"EntryPoint\",\"urlTemplate\":\"https:\/\/www.giaspa.it\/de\/?s={search_term_string}\"},\"query-input\":\"required name=search_term_string\"}],\"inLanguage\":\"de\"},{\"@type\":\"Organization\",\"@id\":\"https:\/\/www.giaspa.it\/de\/#organization\",\"name\":\"GIA - Condimenti pronti nel tubetto\",\"url\":\"https:\/\/www.giaspa.it\/de\/\",\"logo\":{\"@type\":\"ImageObject\",\"inLanguage\":\"de\",\"@id\":\"https:\/\/www.giaspa.it\/de\/#\/schema\/logo\/image\/\",\"url\":\"https:\/\/www.giaspa.it\/wp-content\/uploads\/2022\/07\/logo.png\",\"contentUrl\":\"https:\/\/www.giaspa.it\/wp-content\/uploads\/2022\/07\/logo.png\",\"width\":140,\"height\":131,\"caption\":\"GIA - Condimenti pronti nel tubetto\"},\"image\":{\"@id\":\"https:\/\/www.giaspa.it\/de\/#\/schema\/logo\/image\/\"},\"sameAs\":[\"https:\/\/www.instagram.com\/gia_condimenti\/\",\"https:\/\/www.youtube.com\/channel\/UC-p3_SkGoJGQQchmrNGo9sw\",\"http:\/\/linkedin.com\/company\/gia-lanaturaintubetto\"]},{\"@type\":\"Person\",\"@id\":\"https:\/\/www.giaspa.it\/de\/#\/schema\/person\/0a89cfd5f4fc3985f63d8340a44b0ba3\",\"name\":\"antonio\",\"image\":{\"@type\":\"ImageObject\",\"inLanguage\":\"de\",\"@id\":\"https:\/\/www.giaspa.it\/de\/#\/schema\/person\/image\/\",\"url\":\"https:\/\/secure.gravatar.com\/avatar\/b336689c6ccb021f13b7c2183a6cdb9e?s=96&d=mm&r=g\",\"contentUrl\":\"https:\/\/secure.gravatar.com\/avatar\/b336689c6ccb021f13b7c2183a6cdb9e?s=96&d=mm&r=g\",\"caption\":\"antonio\"}}]}<\/script>\n<!-- \/ Yoast SEO plugin. -->","yoast_head_json":{"title":"Ein einzigartiges Gef\u00fchl, die 45 Jahre von GIA srl mit Confindustria Emilia Area Centro zu feiern - GIA - DIE FRISCHE UND DAS AROMA DER PRODUKTE DER NATUR IN TUBEN","robots":{"index":"noindex","follow":"follow"},"og_locale":"de_DE","og_type":"article","og_title":"Ein einzigartiges Gef\u00fchl, die 45 Jahre von GIA srl mit Confindustria Emilia Area Centro zu feiern - GIA - DIE FRISCHE UND DAS AROMA DER PRODUKTE DER NATUR IN TUBEN","og_description":"Ein unvergesslicher Abend, der uns daran erinnert hat, wie reich unser Weg an Leidenschaft, Innovation und Verbundenheit mit unserer Region war. Im Teatro Duse in Bologna hatten wir die Ehre, an Codice Emilia teilzunehmen \u2013 der von Confindustria Emilia organisierten Veranstaltung, die die unternehmerische Exzellenz...","og_url":"https:\/\/www.giaspa.it\/de\/2025\/11\/24\/ein-einzigartiges-gefuehl-die-45-jahre-von-gia-srl-mit-confindustria-emilia-area-centro-zu-feiern\/","og_site_name":"GIA - DIE FRISCHE UND DAS AROMA DER PRODUKTE DER NATUR IN TUBEN","article_published_time":"2025-11-24T13:53:31+00:00","article_modified_time":"2025-11-24T14:08:32+00:00","og_image":[{"width":894,"height":471,"url":"http:\/\/www.giaspa.it\/wp-content\/uploads\/2025\/11\/FOTO-DI-GRUPPO-ANNIVERSARI-2025.jpg","type":"image\/jpeg"}],"author":"antonio","twitter_card":"summary_large_image","twitter_misc":{"Verfasst von":"antonio","Gesch\u00e4tzte Lesezeit":"1\u00a0Minute"},"schema":{"@context":"https:\/\/schema.org","@graph":[{"@type":"Article","@id":"https:\/\/www.giaspa.it\/de\/2025\/11\/24\/ein-einzigartiges-gefuehl-die-45-jahre-von-gia-srl-mit-confindustria-emilia-area-centro-zu-feiern\/#article","isPartOf":{"@id":"https:\/\/www.giaspa.it\/de\/2025\/11\/24\/ein-einzigartiges-gefuehl-die-45-jahre-von-gia-srl-mit-confindustria-emilia-area-centro-zu-feiern\/"},"author":{"name":"antonio","@id":"https:\/\/www.giaspa.it\/de\/#\/schema\/person\/0a89cfd5f4fc3985f63d8340a44b0ba3"},"headline":"Ein einzigartiges Gef\u00fchl, die 45 Jahre von GIA srl mit Confindustria Emilia Area Centro zu feiern","datePublished":"2025-11-24T13:53:31+00:00","dateModified":"2025-11-24T14:08:32+00:00","mainEntityOfPage":{"@id":"https:\/\/www.giaspa.it\/de\/2025\/11\/24\/ein-einzigartiges-gefuehl-die-45-jahre-von-gia-srl-mit-confindustria-emilia-area-centro-zu-feiern\/"},"wordCount":164,"commentCount":0,"publisher":{"@id":"https:\/\/www.giaspa.it\/de\/#organization"},"image":{"@id":"https:\/\/www.giaspa.it\/de\/2025\/11\/24\/ein-einzigartiges-gefuehl-die-45-jahre-von-gia-srl-mit-confindustria-emilia-area-centro-zu-feiern\/#primaryimage"},"thumbnailUrl":"https:\/\/www.giaspa.it\/wp-content\/uploads\/2025\/11\/FOTO-DI-GRUPPO-ANNIVERSARI-2025.jpg","articleSection":["News"],"inLanguage":"de","potentialAction":[{"@type":"CommentAction","name":"Comment","target":["https:\/\/www.giaspa.it\/de\/2025\/11\/24\/ein-einzigartiges-gefuehl-die-45-jahre-von-gia-srl-mit-confindustria-emilia-area-centro-zu-feiern\/#respond"]}]},{"@type":"WebPage","@id":"https:\/\/www.giaspa.it\/de\/2025\/11\/24\/ein-einzigartiges-gefuehl-die-45-jahre-von-gia-srl-mit-confindustria-emilia-area-centro-zu-feiern\/","url":"https:\/\/www.giaspa.it\/de\/2025\/11\/24\/ein-einzigartiges-gefuehl-die-45-jahre-von-gia-srl-mit-confindustria-emilia-area-centro-zu-feiern\/","name":"Ein einzigartiges Gef\u00fchl, die 45 Jahre von GIA srl mit Confindustria Emilia Area Centro zu feiern - GIA - DIE FRISCHE UND DAS AROMA DER PRODUKTE DER NATUR IN TUBEN","isPartOf":{"@id":"https:\/\/www.giaspa.it\/de\/#website"},"primaryImageOfPage":{"@id":"https:\/\/www.giaspa.it\/de\/2025\/11\/24\/ein-einzigartiges-gefuehl-die-45-jahre-von-gia-srl-mit-confindustria-emilia-area-centro-zu-feiern\/#primaryimage"},"image":{"@id":"https:\/\/www.giaspa.it\/de\/2025\/11\/24\/ein-einzigartiges-gefuehl-die-45-jahre-von-gia-srl-mit-confindustria-emilia-area-centro-zu-feiern\/#primaryimage"},"thumbnailUrl":"https:\/\/www.giaspa.it\/wp-content\/uploads\/2025\/11\/FOTO-DI-GRUPPO-ANNIVERSARI-2025.jpg","datePublished":"2025-11-24T13:53:31+00:00","dateModified":"2025-11-24T14:08:32+00:00","breadcrumb":{"@id":"https:\/\/www.giaspa.it\/de\/2025\/11\/24\/ein-einzigartiges-gefuehl-die-45-jahre-von-gia-srl-mit-confindustria-emilia-area-centro-zu-feiern\/#breadcrumb"},"inLanguage":"de","potentialAction":[{"@type":"ReadAction","target":["https:\/\/www.giaspa.it\/de\/2025\/11\/24\/ein-einzigartiges-gefuehl-die-45-jahre-von-gia-srl-mit-confindustria-emilia-area-centro-zu-feiern\/"]}]},{"@type":"ImageObject","inLanguage":"de","@id":"https:\/\/www.giaspa.it\/de\/2025\/11\/24\/ein-einzigartiges-gefuehl-die-45-jahre-von-gia-srl-mit-confindustria-emilia-area-centro-zu-feiern\/#primaryimage","url":"https:\/\/www.giaspa.it\/wp-content\/uploads\/2025\/11\/FOTO-DI-GRUPPO-ANNIVERSARI-2025.jpg","contentUrl":"https:\/\/www.giaspa.it\/wp-content\/uploads\/2025\/11\/FOTO-DI-GRUPPO-ANNIVERSARI-2025.jpg","width":894,"height":471},{"@type":"BreadcrumbList","@id":"https:\/\/www.giaspa.it\/de\/2025\/11\/24\/ein-einzigartiges-gefuehl-die-45-jahre-von-gia-srl-mit-confindustria-emilia-area-centro-zu-feiern\/#breadcrumb","itemListElement":[{"@type":"ListItem","position":1,"name":"Home","item":"https:\/\/www.giaspa.it\/de\/"},{"@type":"ListItem","position":2,"name":"Ein einzigartiges Gef\u00fchl, die 45 Jahre von GIA srl mit Confindustria Emilia Area Centro zu feiern"}]},{"@type":"WebSite","@id":"https:\/\/www.giaspa.it\/de\/#website","url":"https:\/\/www.giaspa.it\/de\/","name":"GIA - Condimenti pronti nel tubetto","description":"www.giaspa.it","publisher":{"@id":"https:\/\/www.giaspa.it\/de\/#organization"},"potentialAction":[{"@type":"SearchAction","target":{"@type":"EntryPoint","urlTemplate":"https:\/\/www.giaspa.it\/de\/?s={search_term_string}"},"query-input":"required name=search_term_string"}],"inLanguage":"de"},{"@type":"Organization","@id":"https:\/\/www.giaspa.it\/de\/#organization","name":"GIA - Condimenti pronti nel tubetto","url":"https:\/\/www.giaspa.it\/de\/","logo":{"@type":"ImageObject","inLanguage":"de","@id":"https:\/\/www.giaspa.it\/de\/#\/schema\/logo\/image\/","url":"https:\/\/www.giaspa.it\/wp-content\/uploads\/2022\/07\/logo.png","contentUrl":"https:\/\/www.giaspa.it\/wp-content\/uploads\/2022\/07\/logo.png","width":140,"height":131,"caption":"GIA - Condimenti pronti nel tubetto"},"image":{"@id":"https:\/\/www.giaspa.it\/de\/#\/schema\/logo\/image\/"},"sameAs":["https:\/\/www.instagram.com\/gia_condimenti\/","https:\/\/www.youtube.com\/channel\/UC-p3_SkGoJGQQchmrNGo9sw","http:\/\/linkedin.com\/company\/gia-lanaturaintubetto"]},{"@type":"Person","@id":"https:\/\/www.giaspa.it\/de\/#\/schema\/person\/0a89cfd5f4fc3985f63d8340a44b0ba3","name":"antonio","image":{"@type":"ImageObject","inLanguage":"de","@id":"https:\/\/www.giaspa.it\/de\/#\/schema\/person\/image\/","url":"https:\/\/secure.gravatar.com\/avatar\/b336689c6ccb021f13b7c2183a6cdb9e?s=96&d=mm&r=g","contentUrl":"https:\/\/secure.gravatar.com\/avatar\/b336689c6ccb021f13b7c2183a6cdb9e?s=96&d=mm&r=g","caption":"antonio"}}]}},"_links":{"self":[{"href":"https:\/\/www.giaspa.it\/de\/wp-json\/wp\/v2\/posts\/14967","targetHints":{"allow":["GET"]}}],"collection":[{"href":"https:\/\/www.giaspa.it\/de\/wp-json\/wp\/v2\/posts"}],"about":[{"href":"https:\/\/www.giaspa.it\/de\/wp-json\/wp\/v2\/types\/post"}],"author":[{"embeddable":true,"href":"https:\/\/www.giaspa.it\/de\/wp-json\/wp\/v2\/users\/1"}],"replies":[{"embeddable":true,"href":"https:\/\/www.giaspa.it\/de\/wp-json\/wp\/v2\/comments?post=14967"}],"version-history":[{"count":1,"href":"https:\/\/www.giaspa.it\/de\/wp-json\/wp\/v2\/posts\/14967\/revisions"}],"predecessor-version":[{"id":14968,"href":"https:\/\/www.giaspa.it\/de\/wp-json\/wp\/v2\/posts\/14967\/revisions\/14968"}],"wp:featuredmedia":[{"embeddable":true,"href":"https:\/\/www.giaspa.it\/de\/wp-json\/wp\/v2\/media\/14959"}],"wp:attachment":[{"href":"https:\/\/www.giaspa.it\/de\/wp-json\/wp\/v2\/media?parent=14967"}],"wp:term":[{"taxonomy":"category","embeddable":true,"href":"https:\/\/www.giaspa.it\/de\/wp-json\/wp\/v2\/categories?post=14967"},{"taxonomy":"post_tag","embeddable":true,"href":"https:\/\/www.giaspa.it\/de\/wp-json\/wp\/v2\/tags?post=14967"}],"curies":[{"name":"wp","href":"https:\/\/api.w.org\/{rel}","templated":true}]}}